{"id":184,"date":"2023-02-24T23:00:32","date_gmt":"2023-02-24T22:00:32","guid":{"rendered":"https:\/\/mostre.unimc.it\/bauhaus\/?p=184"},"modified":"2023-05-17T15:02:58","modified_gmt":"2023-05-17T13:02:58","slug":"coscienza-costruttiva","status":"publish","type":"post","link":"https:\/\/mostre.unimc.it\/bauhaus\/2023\/02\/24\/coscienza-costruttiva\/","title":{"rendered":"Coscienza costruttiva"},"content":{"rendered":"<h1>Coscienza costruttiva<\/h1>\n<blockquote>\n<p style=\"text-align: justify;\">Insieme concepiamo e creiamo il nuovo edificio del futuro, che abbraccer\u00e0 architettura, scultura, e pittura in una sola unit\u00e0 e che sar\u00e0 alzato un giorno verso il cielo dalle mani di milioni di lavoratori, come il simbolo di cristallo di una nuova fede.<\/p>\n<p style=\"text-align: right;\">Walter Gropius, 1919<\/p>\n<\/blockquote>\n<div>\n<p>Una tendenza \u00abespressionista\u00bb sembra trovarsi in personaggi come Rathenau, e l&#8217;attenzione per l&#8217;arte si manifesta inoltre in architetti impegnati nella costruzione di nuovi complessi produttivi, come Peter Behrens, progettista per l&#8217;AEG: \u00abIn tutti gli oggetti che vengono prodotti in modo meccanico non bisognerebbe cercare di realizzare un contatto superficiale fra l&#8217;arte e l&#8217;industria, ma l&#8217;intima unione di entrambe\u00bb. Era questo un modo per alludere anche a una sintesi fra le forze che la crisi politica e civile aveva opposto, e che la guerra aveva messo comunque in una irrevocabile relazione. A sua volta, l&#8217;architetto Walter Gropius, allievo di Behrens, in prima fila, a Berlino, nei giorni della rivolta del 1918, scriveva: \u00abSolo in seguito alla guerra assunsi piena, consapevolezza della mia responsabilit\u00e0, ossia realizzare le idee frutto delle mie riflessioni, secondo quelle premesse teoriche che, proprio durante la guerra, avevano per la prima volta assunto una forma definita. Dopo quella violenta interruzione ogni persona ragionevole si rese conto della necessit\u00e0 in-tellettuale di una trasformazione.\u00a0 Oguno, nel proprio specifico ambito di attivit\u00e0, si sentiva in dovere di contribuire a colmare il disastroso abisso che si era creato tra realt\u00e0 e ideale. Fu allora che ebbi per la prima volta la percezione della immensa portata della missione affidata agli architetti della mia generazione\u00bb.<\/p>\n<p>Gropius aveva gi\u00e0 progettato, col collega Adolf Meyer, fabbriche in cui si ricercava una corrispondenza fra le esigenze della produzione e la qualit\u00e0 della vita e delle attivit\u00e0 richieste agli operai. Sentendo di potersi porre alla guida di un ampio progetto di riforma culturale e civile, si era rivolto ai partiti socialisti riformisti e democratici di centro \u2014 trionfatori delle elezioni del 1919 \u2014 per ottenere l&#8217;incarico di rifondare la didattica delle arti applicate come modello di un&#8217;intesa collettiva: \u00abL&#8217;arte dell&#8217;edificare \u2014 sosteneva \u2014 si basa sulla collaborazione attiva di una squadra di persone, che pu\u00f2 essere assunta come paradigma dell&#8217;organizzazione della comunit\u00e0 sociale, anch&#8217;essa fondata sulla cooperazione tra individui\u00bb.<\/p>\n<p>Nominato direttore, a Weimar, della Scuola di artigiana-to artistico, con sede, dal 1911, nell&#8217;edificio progettato da Henry van de Velde, Gropius aveva unificato le procedure didattiche in un complesso di aule e di laboratori, che aveva denominato, accorpandovi anche la Accademia di belle arti, Staatliches Bauhaus (Laboratorio statale). Gropius tuttavia non era solo un tecnico, la sua cultura si basava anche su conoscenze letterarie, musicali e teosofiche che, da matrici simboliste, si erano sviluppate in cenacoli intellettuali in cui s&#8217;immaginava che movimenti \u00abeuritmici\u00bb di gruppo esprimessero l&#8217;essenza di nuovi spazi abitativi e un ritrovato legame con la natura, anche con selettivi regimi alimentari.<\/p>\n<\/div>\n<ul>\n<li>\n<p>        <img decoding=\"async\" src=\"\/bauhaus\/wp-content\/uploads\/sites\/6\/2023\/02\/015-scaled.jpg\" alt=\"\"><\/p>\n<div>\n<p><span>E. Munch, Walther Rathenau, 1907<\/span><\/p>\n<\/div>\n<\/li>\n<li>\n<p>        <img decoding=\"async\" src=\"\/bauhaus\/wp-content\/uploads\/sites\/6\/2023\/02\/016-scaled.jpg\" alt=\"\"><\/p>\n<div>\n<p><span>Walter Gropius nel 1920<\/span><\/p>\n<\/div>\n<\/li>\n<li>\n<p>        <img decoding=\"async\" src=\"\/bauhaus\/wp-content\/uploads\/sites\/6\/2023\/02\/017.jpg\" alt=\"\"><\/p>\n<div>\n<p><span>W. Gropius e A. Meyer, Officine Fagus, 1911<\/span><\/p>\n<\/div>\n<\/li>\n<\/ul>\n<p><!--more--><br \/>\n<!-- {\"type\":\"layout\",\"children\":[{\"type\":\"section\",\"props\":{\"image_position\":\"center-center\",\"style\":\"default\",\"title_breakpoint\":\"xl\",\"title_position\":\"top-left\",\"title_rotation\":\"left\",\"vertical_align\":\"middle\",\"width\":\"default\"},\"children\":[{\"type\":\"row\",\"children\":[{\"type\":\"column\",\"props\":{\"image_position\":\"center-center\",\"media_overlay_gradient\":\"\",\"position_sticky_breakpoint\":\"m\",\"width_medium\":\"1-4\"},\"children\":[{\"type\":\"module_position\",\"props\":{\"breakpoint\":\"m\",\"content\":\"sidebar\",\"layout\":\"stack\"}}]},{\"type\":\"column\",\"props\":{\"image_position\":\"center-center\",\"media_overlay_gradient\":\"\",\"position_sticky_breakpoint\":\"m\",\"width_medium\":\"1-2\"},\"children\":[{\"type\":\"headline\",\"props\":{\"content\":\"Coscienza costruttiva\",\"title_element\":\"h1\"}},{\"type\":\"quotation\",\"props\":{\"content\":\"\n\n<p style=\\\"text-align: justify;\\\">Insieme concepiamo e creiamo il nuovo edificio del futuro, che abbraccer\\u00e0 architettura, scultura, e pittura in una sola unit\\u00e0 e che sar\\u00e0 alzato un giorno verso il cielo dalle mani di milioni di lavoratori, come il simbolo di cristallo di una nuova fede.<\\\/p>\\n\n\n<p style=\\\"text-align: right;\\\">Walter Gropius, 1919<\\\/p>\"}},{\"type\":\"text\",\"props\":{\"column_breakpoint\":\"m\",\"content\":\"\n\n<p>Una tendenza \\u00abespressionista\\u00bb sembra trovarsi in personaggi come Rathenau, e l'attenzione per l'arte si manifesta inoltre in architetti impegnati nella costruzione di nuovi complessi produttivi, come Peter Behrens, progettista per l'AEG: \\u00abIn tutti gli oggetti che vengono prodotti in modo meccanico non bisognerebbe cercare di realizzare un contatto superficiale fra l'arte e l'industria, ma l'intima unione di entrambe\\u00bb. Era questo un modo per alludere anche a una sintesi fra le forze che la crisi politica e civile aveva opposto, e che la guerra aveva messo comunque in una irrevocabile relazione. A sua volta, l'architetto Walter Gropius, allievo di Behrens, in prima fila, a Berlino, nei giorni della rivolta del 1918, scriveva: \\u00abSolo in seguito alla guerra assunsi piena, consapevolezza della mia responsabilit\\u00e0, ossia realizzare le idee frutto delle mie riflessioni, secondo quelle premesse teoriche che, proprio durante la guerra, avevano per la prima volta assunto una forma definita. Dopo quella violenta interruzione ogni persona ragionevole si rese conto della necessit\\u00e0 in-tellettuale di una trasformazione.\\u00a0 Oguno, nel proprio specifico ambito di attivit\\u00e0, si sentiva in dovere di contribuire a colmare il disastroso abisso che si era creato tra realt\\u00e0 e ideale. Fu allora che ebbi per la prima volta la percezione della immensa portata della missione affidata agli architetti della mia generazione\\u00bb.<\\\/p>\\n\n\n<p>Gropius aveva gi\\u00e0 progettato, col collega Adolf Meyer, fabbriche in cui si ricercava una corrispondenza fra le esigenze della produzione e la qualit\\u00e0 della vita e delle attivit\\u00e0 richieste agli operai. Sentendo di potersi porre alla guida di un ampio progetto di riforma culturale e civile, si era rivolto ai partiti socialisti riformisti e democratici di centro \\u2014 trionfatori delle elezioni del 1919 \\u2014 per ottenere l'incarico di rifondare la didattica delle arti applicate come modello di un'intesa collettiva: \\u00abL'arte dell'edificare \\u2014 sosteneva \\u2014 si basa sulla collaborazione attiva di una squadra di persone, che pu\\u00f2 essere assunta come paradigma dell'organizzazione della comunit\\u00e0 sociale, anch'essa fondata sulla cooperazione tra individui\\u00bb.<\\\/p>\\n\n\n<p>Nominato direttore, a Weimar, della Scuola di artigiana-to artistico, con sede, dal 1911, nell'edificio progettato da Henry van de Velde, Gropius aveva unificato le procedure didattiche in un complesso di aule e di laboratori, che aveva denominato, accorpandovi anche la Accademia di belle arti, Staatliches Bauhaus (Laboratorio statale). Gropius tuttavia non era solo un tecnico, la sua cultura si basava anche su conoscenze letterarie, musicali e teosofiche che, da matrici simboliste, si erano sviluppate in cenacoli intellettuali in cui s'immaginava che movimenti \\u00abeuritmici\\u00bb di gruppo esprimessero l'essenza di nuovi spazi abitativi e un ritrovato legame con la natura, anche con selettivi regimi alimentari.<\\\/p>\",\"margin\":\"default\",\"text_align\":\"justify\"}}]},{\"type\":\"column\",\"props\":{\"image_position\":\"center-center\",\"media_overlay_gradient\":\"\",\"position_sticky_breakpoint\":\"m\",\"width_medium\":\"1-4\"},\"children\":[{\"type\":\"grid\",\"props\":{\"content_column_breakpoint\":\"m\",\"css\":\".el-link {\\n    display:none;\\n}\",\"filter_align\":\"left\",\"filter_all\":true,\"filter_grid_breakpoint\":\"m\",\"filter_grid_width\":\"auto\",\"filter_position\":\"top\",\"filter_style\":\"tab\",\"grid_default\":\"1\",\"grid_medium\":\"1\",\"icon_width\":80,\"image_align\":\"top\",\"image_grid_breakpoint\":\"m\",\"image_grid_width\":\"1-2\",\"image_link\":true,\"image_svg_color\":\"emphasis\",\"item_animation\":true,\"lightbox\":true,\"link_style\":\"default\",\"link_text\":\"Read more\",\"margin\":\"default\",\"meta_align\":\"below-title\",\"meta_element\":\"div\",\"meta_style\":\"text-meta\",\"show_content\":true,\"show_image\":true,\"show_link\":true,\"show_meta\":true,\"show_title\":true,\"title_align\":\"top\",\"title_element\":\"h3\",\"title_grid_breakpoint\":\"m\",\"title_grid_width\":\"1-2\",\"title_hover_style\":\"reset\"},\"children\":[{\"type\":\"grid_item\",\"props\":{\"content\":\"\n\n<p><span>E. Munch, Walther Rathenau, 1907<\\\/span><\\\/p>\",\"image\":\"wp-content\\\/uploads\\\/sites\\\/6\\\/2023\\\/02\\\/015-scaled.jpg\",\"title\":\"\"}},{\"type\":\"grid_item\",\"props\":{\"content\":\"\n\n<p><span>Walter Gropius nel 1920<\\\/span><\\\/p>\",\"image\":\"wp-content\\\/uploads\\\/sites\\\/6\\\/2023\\\/02\\\/016-scaled.jpg\",\"title\":\"\"}},{\"type\":\"grid_item\",\"props\":{\"content\":\"\n\n<p><span>W. Gropius e A. Meyer, Officine Fagus, 1911<\\\/span><\\\/p>\",\"image\":\"wp-content\\\/uploads\\\/sites\\\/6\\\/2023\\\/02\\\/017.jpg\",\"title\":\"\"}}]}]}],\"props\":{\"layout\":\"1-4,1-2,1-4\"}}]}],\"version\":\"3.0.25\"} --><\/p>\n","protected":false},"excerpt":{"rendered":"<p>Coscienza costruttiva Insieme concepiamo e creiamo il nuovo edificio del futuro, che abbraccer\u00e0 architettura, scultura, e pittura in una sola unit\u00e0 e che sar\u00e0 alzato un giorno verso il cielo dalle mani di milioni di lavoratori, come il simbolo di cristallo di una nuova fede. Walter Gropius, 1919 Una tendenza \u00abespressionista\u00bb sembra trovarsi in personaggi [&hellip;]<\/p>\n","protected":false},"author":2,"featured_media":0,"comment_status":"closed","ping_status":"open","sticky":false,"template":"","format":"standard","meta":{"footnotes":""},"categories":[4],"tags":[],"acf":[],"_links":{"self":[{"href":"https:\/\/mostre.unimc.it\/bauhaus\/wp-json\/wp\/v2\/posts\/184"}],"collection":[{"href":"https:\/\/mostre.unimc.it\/bauhaus\/wp-json\/wp\/v2\/posts"}],"about":[{"href":"https:\/\/mostre.unimc.it\/bauhaus\/wp-json\/wp\/v2\/types\/post"}],"author":[{"embeddable":true,"href":"https:\/\/mostre.unimc.it\/bauhaus\/wp-json\/wp\/v2\/users\/2"}],"replies":[{"embeddable":true,"href":"https:\/\/mostre.unimc.it\/bauhaus\/wp-json\/wp\/v2\/comments?post=184"}],"version-history":[{"count":22,"href":"https:\/\/mostre.unimc.it\/bauhaus\/wp-json\/wp\/v2\/posts\/184\/revisions"}],"predecessor-version":[{"id":701,"href":"https:\/\/mostre.unimc.it\/bauhaus\/wp-json\/wp\/v2\/posts\/184\/revisions\/701"}],"wp:attachment":[{"href":"https:\/\/mostre.unimc.it\/bauhaus\/wp-json\/wp\/v2\/media?parent=184"}],"wp:term":[{"taxonomy":"category","embeddable":true,"href":"https:\/\/mostre.unimc.it\/bauhaus\/wp-json\/wp\/v2\/categories?post=184"},{"taxonomy":"post_tag","embeddable":true,"href":"https:\/\/mostre.unimc.it\/bauhaus\/wp-json\/wp\/v2\/tags?post=184"}],"curies":[{"name":"wp","href":"https:\/\/api.w.org\/{rel}","templated":true}]}}