{"id":204,"date":"2023-02-24T23:08:05","date_gmt":"2023-02-24T22:08:05","guid":{"rendered":"https:\/\/mostre.unimc.it\/bauhaus\/?p=204"},"modified":"2023-05-17T14:12:07","modified_gmt":"2023-05-17T12:12:07","slug":"il-meno-e-piu","status":"publish","type":"post","link":"https:\/\/mostre.unimc.it\/bauhaus\/2023\/02\/24\/il-meno-e-piu\/","title":{"rendered":"Il meno \u00e8 pi\u00f9"},"content":{"rendered":"<h1>Il meno \u00e8 pi\u00f9<\/h1>\n<ul>\n<li>\n<p>        <img decoding=\"async\" src=\"\/bauhaus\/wp-content\/uploads\/sites\/6\/2023\/02\/069-scaled.jpg\" alt=\"\"><\/p>\n<div>\n<p><span>H. Meyer, scena di spiaggia, 1931<\/span><\/p>\n<\/div>\n<\/li>\n<li>\n<p>        <img decoding=\"async\" src=\"\/bauhaus\/wp-content\/uploads\/sites\/6\/2023\/02\/070-scaled.jpg\" alt=\"\"><\/p>\n<div>\n<p><span>L. Mies van der Rohe, Padiglione tedesco, Expo Barcellona, 1929, vasca esterna, part.<\/span><\/p>\n<\/div>\n<\/li>\n<li>\n<p>        <img decoding=\"async\" src=\"\/bauhaus\/wp-content\/uploads\/sites\/6\/2023\/02\/071-scaled.jpg\" alt=\"\"><\/p>\n<div>\n<p><span>L. Mies van der Rohe, poltrona Barcellona, 1929<\/span><\/p>\n<\/div>\n<\/li>\n<\/ul>\n<div>\n<p>H. Meyer, scena di spiaggia, 1931 <br \/>L. Mies van der Rohe, Padiglione tedesco, Expo Barcellona, 1929, vasca esterna, part. <br \/><span>L. Mies van der Rohe<\/span>, poltrona Barcellona, 1929<\/p>\n<\/div>\n<p><!--more--><br \/>\n<!-- {\"type\":\"layout\",\"children\":[{\"type\":\"section\",\"props\":{\"image_position\":\"center-center\",\"style\":\"default\",\"title_breakpoint\":\"xl\",\"title_position\":\"top-left\",\"title_rotation\":\"left\",\"vertical_align\":\"middle\",\"width\":\"default\"},\"children\":[{\"type\":\"row\",\"children\":[{\"type\":\"column\",\"props\":{\"image_position\":\"center-center\",\"media_overlay_gradient\":\"\",\"position_sticky_breakpoint\":\"m\",\"width_medium\":\"1-4\"},\"children\":[{\"type\":\"module_position\",\"props\":{\"breakpoint\":\"m\",\"content\":\"sidebar\",\"layout\":\"stack\"}}]},{\"type\":\"column\",\"props\":{\"image_position\":\"center-center\",\"media_overlay_gradient\":\"\",\"position_sticky_breakpoint\":\"m\",\"width_medium\":\"3-4\"},\"children\":[{\"type\":\"headline\",\"props\":{\"content\":\"Il meno \\u00e8 pi\\u00f9\",\"title_element\":\"h1\"}},{\"type\":\"grid\",\"props\":{\"content_column_breakpoint\":\"m\",\"css\":\".el-link {\\n    display:none;\\n}\",\"filter_align\":\"left\",\"filter_all\":true,\"filter_grid_breakpoint\":\"m\",\"filter_grid_width\":\"auto\",\"filter_position\":\"top\",\"filter_style\":\"tab\",\"grid_default\":\"1\",\"grid_medium\":\"3\",\"icon_width\":80,\"image_align\":\"top\",\"image_grid_breakpoint\":\"m\",\"image_grid_width\":\"1-2\",\"image_link\":true,\"image_svg_color\":\"emphasis\",\"item_animation\":true,\"lightbox\":true,\"link_style\":\"default\",\"link_text\":\"Read more\",\"margin\":\"default\",\"meta_align\":\"below-title\",\"meta_element\":\"div\",\"meta_style\":\"text-meta\",\"show_content\":true,\"show_image\":true,\"show_link\":true,\"show_meta\":true,\"show_title\":true,\"title_align\":\"top\",\"title_element\":\"h3\",\"title_grid_breakpoint\":\"m\",\"title_grid_width\":\"1-2\",\"title_hover_style\":\"reset\"},\"children\":[{\"type\":\"grid_item\",\"props\":{\"content\":\"\n\n<p><span>H. Meyer, scena di spiaggia, 1931<\\\/span><\\\/p>\",\"image\":\"wp-content\\\/uploads\\\/sites\\\/6\\\/2023\\\/02\\\/069-scaled.jpg\",\"title\":\"\"}},{\"type\":\"grid_item\",\"props\":{\"content\":\"\n\n<p><span>L. Mies van der Rohe, Padiglione tedesco, Expo Barcellona, 1929, vasca esterna, part.<\\\/span><\\\/p>\",\"image\":\"wp-content\\\/uploads\\\/sites\\\/6\\\/2023\\\/02\\\/070-scaled.jpg\",\"title\":\"\"}},{\"type\":\"grid_item\",\"props\":{\"content\":\"\n\n<p><span>L. Mies van der Rohe, poltrona Barcellona, 1929<\\\/span><\\\/p>\",\"image\":\"wp-content\\\/uploads\\\/sites\\\/6\\\/2023\\\/02\\\/071-scaled.jpg\",\"title\":\"\"}}]},{\"type\":\"text\",\"props\":{\"column_breakpoint\":\"m\",\"content\":\"\n\n<p>H. Meyer, scena di spiaggia, 1931 <br \\\/>L. Mies van der Rohe, Padiglione tedesco, Expo Barcellona, 1929, vasca esterna, part. <br \\\/><span>L. Mies van der Rohe<\\\/span>, poltrona Barcellona, 1929<\\\/p>\",\"margin\":\"default\",\"text_align\":\"justify\"}}]}],\"props\":{\"layout\":\"1-4,3-4\"}}]}],\"version\":\"3.0.25\"} --><\/p>\n","protected":false},"excerpt":{"rendered":"<p>Il meno \u00e8 pi\u00f9 H. Meyer, scena di spiaggia, 1931 L. Mies van der Rohe, Padiglione tedesco, Expo Barcellona, 1929, vasca esterna, part. L. Mies van der Rohe, poltrona Barcellona, 1929 H. Meyer, scena di spiaggia, 1931 L. Mies van der Rohe, Padiglione tedesco, Expo Barcellona, 1929, vasca esterna, part. L. Mies van der Rohe, [&hellip;]<\/p>\n","protected":false},"author":2,"featured_media":0,"comment_status":"closed","ping_status":"open","sticky":false,"template":"","format":"standard","meta":{"footnotes":""},"categories":[6],"tags":[],"acf":[],"_links":{"self":[{"href":"https:\/\/mostre.unimc.it\/bauhaus\/wp-json\/wp\/v2\/posts\/204"}],"collection":[{"href":"https:\/\/mostre.unimc.it\/bauhaus\/wp-json\/wp\/v2\/posts"}],"about":[{"href":"https:\/\/mostre.unimc.it\/bauhaus\/wp-json\/wp\/v2\/types\/post"}],"author":[{"embeddable":true,"href":"https:\/\/mostre.unimc.it\/bauhaus\/wp-json\/wp\/v2\/users\/2"}],"replies":[{"embeddable":true,"href":"https:\/\/mostre.unimc.it\/bauhaus\/wp-json\/wp\/v2\/comments?post=204"}],"version-history":[{"count":10,"href":"https:\/\/mostre.unimc.it\/bauhaus\/wp-json\/wp\/v2\/posts\/204\/revisions"}],"predecessor-version":[{"id":689,"href":"https:\/\/mostre.unimc.it\/bauhaus\/wp-json\/wp\/v2\/posts\/204\/revisions\/689"}],"wp:attachment":[{"href":"https:\/\/mostre.unimc.it\/bauhaus\/wp-json\/wp\/v2\/media?parent=204"}],"wp:term":[{"taxonomy":"category","embeddable":true,"href":"https:\/\/mostre.unimc.it\/bauhaus\/wp-json\/wp\/v2\/categories?post=204"},{"taxonomy":"post_tag","embeddable":true,"href":"https:\/\/mostre.unimc.it\/bauhaus\/wp-json\/wp\/v2\/tags?post=204"}],"curies":[{"name":"wp","href":"https:\/\/api.w.org\/{rel}","templated":true}]}}